{"id":13793,"date":"2024-12-09T16:28:45","date_gmt":"2024-12-09T15:28:45","guid":{"rendered":"https:\/\/www.stalam.com\/?p=13793"},"modified":"2024-12-09T17:01:07","modified_gmt":"2024-12-09T16:01:07","slug":"stalam-en-colombiatex-de-las-americas-2025","status":"publish","type":"post","link":"https:\/\/www.stalam.com\/es\/stalam-en-colombiatex-de-las-americas-2025\/","title":{"rendered":"Stalam en Colombiatex de las Am\u00e9ricas 2025"},"content":{"rendered":"\n<figure class=\"wp-block-image size-full\"><img loading=\"lazy\" decoding=\"async\" width=\"1024\" height=\"400\" src=\"https:\/\/www.stalam.com\/wp-content\/uploads\/2024\/12\/colombia_large.jpg\" alt=\"\" class=\"wp-image-13777\" srcset=\"https:\/\/www.stalam.com\/wp-content\/uploads\/2024\/12\/colombia_large.jpg 1024w, https:\/\/www.stalam.com\/wp-content\/uploads\/2024\/12\/colombia_large-300x117.jpg 300w, https:\/\/www.stalam.com\/wp-content\/uploads\/2024\/12\/colombia_large-768x300.jpg 768w\" sizes=\"auto, (max-width: 1024px) 100vw, 1024px\" \/><\/figure>\n\n\n\n<p>La edici\u00f3n de <strong>Colombiatex de las Am\u00e9ricas 2025<\/strong> se llevar\u00e1 a cabo del <strong>28 al 30 de enero de 2025<\/strong> en Plaza Mayor en Medell\u00edn, Colombia. Es un evento importante para la industria textil, que atrae a expositores y visitantes internacionales.<\/p>\n\n\n\n<div style=\"height:50px\" aria-hidden=\"true\" class=\"wp-block-spacer\"><\/div>\n\n\n\n<p>Este evento est\u00e1 centrado en la industria textil, mostrando innovaciones y tendencias en textiles, moda, dise\u00f1o y fabricaci\u00f3n. Re\u00fane a fabricantes, proveedores y compradores de todo el mundo para establecer redes de contacto y explorar los productos y tecnolog\u00edas m\u00e1s recientes en los sectores textil, de la confecci\u00f3n y las industrias relacionadas.<\/p>\n\n\n\n<div style=\"height:50px\" aria-hidden=\"true\" class=\"wp-block-spacer\"><\/div>\n\n\n\n<p>Colombiatex sirve como una plataforma para que las empresas se conecten, descubran nuevos materiales y discutan las tendencias futuras en el sector textil global. Tambi\u00e9n incluye exposiciones, conferencias y actividades orientadas a promover el crecimiento de las industrias textil y de la moda en Colombia y m\u00e1s all\u00e1.<\/p>\n\n\n\n<div style=\"height:50px\" aria-hidden=\"true\" class=\"wp-block-spacer\"><\/div>\n\n\n\n<p>Stalam exhibir\u00e1 dentro del Pabell\u00f3n Colectivo <strong><a href=\"https:\/\/www.acimit.it\/\">ACIMIT<\/a><\/strong>. ACIMIT es la Asociaci\u00f3n de Fabricantes de Maquinaria Textil Italiana, y el pabell\u00f3n colectivo presentar\u00e1 una gama de tecnolog\u00edas innovadoras de maquinaria textil italiana, incluidos los avanzados secadores RF de Stalam para aplicaciones textiles.<\/p>\n\n\n\n<div style=\"height:50px;width:0px\" aria-hidden=\"true\" class=\"wp-block-spacer\"><\/div>\n\n\n\n<p>Esta es una valiosa oportunidad para conocer m\u00e1s sobre las soluciones de maquinaria textil de Stalam, que se centran en tecnolog\u00edas de secado de alta eficiencia energ\u00e9tica dise\u00f1adas para mejorar la calidad del producto y reducir los costos operativos.<\/p>\n\n\n\n<div style=\"height:50px\" aria-hidden=\"true\" class=\"wp-block-spacer\"><\/div>\n\n\n\n<p><strong>Visita el sitio web oficial para m\u00e1s informaci\u00f3n:<\/strong><br><a href=\"https:\/\/colombiatex.com\/en\/\" target=\"_blank\" rel=\"noreferrer noopener\">https:\/\/colombiatex.com\/en\/<\/a><\/p>\n","protected":false},"excerpt":{"rendered":"<p>La edici\u00f3n de Colombiatex de las Am\u00e9ricas 2025 se llevar\u00e1 a cabo del 28 [&hellip;]<\/p>\n","protected":false},"author":2,"featured_media":13782,"comment_status":"closed","ping_status":"closed","sticky":false,"template":"","format":"standard","meta":{"_acf_changed":false,"content-type":"","footnotes":""},"categories":[9,21],"tags":[],"class_list":["post-13793","post","type-post","status-publish","format-standard","has-post-thumbnail","hentry","category-noticias","category-eventos-y-ferias"],"acf":[],"yoast_head":"<!-- This site is optimized with the Yoast SEO Premium plugin v23.9 (Yoast SEO v27.3) - https:\/\/yoast.com\/product\/yoast-seo-premium-wordpress\/ -->\n<title>Stalam en Colombiatex de las Am\u00e9ricas 2025 | Stalam<\/title>\n<meta name=\"description\" content=\"Stalam participar\u00e1 en la edici\u00f3n 2025 de Colombiatex de las Am\u00e9ricas, que se celebrar\u00e1 del 28 al 30 de enero de 2025 en Plaza Mayor, Medell\u00edn, Colombia. Este importante evento de la industria textil reunir\u00e1 a expositores internacionales y visitantes para presentar innovaciones y soluciones tecnol\u00f3gicas en el sector textil.\" \/>\n<meta name=\"robots\" content=\"index, follow, max-snippet:-1, max-image-preview:large, max-video-preview:-1\" \/>\n<link rel=\"canonical\" href=\"https:\/\/www.stalam.com\/es\/stalam-en-colombiatex-de-las-americas-2025\/\" \/>\n<meta property=\"og:locale\" content=\"es_ES\" \/>\n<meta property=\"og:type\" content=\"article\" \/>\n<meta property=\"og:title\" content=\"Stalam en Colombiatex de las Am\u00e9ricas 2025 | Stalam\" \/>\n<meta property=\"og:description\" content=\"Stalam participar\u00e1 en la edici\u00f3n 2025 de Colombiatex de las Am\u00e9ricas, que se celebrar\u00e1 del 28 al 30 de enero de 2025 en Plaza Mayor, Medell\u00edn, Colombia. Este importante evento de la industria textil reunir\u00e1 a expositores internacionales y visitantes para presentar innovaciones y soluciones tecnol\u00f3gicas en el sector textil.\" \/>\n<meta property=\"og:url\" content=\"https:\/\/www.stalam.com\/es\/stalam-en-colombiatex-de-las-americas-2025\/\" \/>\n<meta property=\"og:site_name\" content=\"Stalam\" \/>\n<meta property=\"article:publisher\" content=\"https:\/\/www.facebook.com\/Stalam-184036235760438\/\" \/>\n<meta property=\"article:published_time\" content=\"2024-12-09T15:28:45+00:00\" \/>\n<meta property=\"article:modified_time\" content=\"2024-12-09T16:01:07+00:00\" \/>\n<meta property=\"og:image\" content=\"https:\/\/www.stalam.com\/wp-content\/uploads\/2024\/12\/colombia_small.jpg\" \/>\n\t<meta property=\"og:image:width\" content=\"853\" \/>\n\t<meta property=\"og:image:height\" content=\"533\" \/>\n\t<meta property=\"og:image:type\" content=\"image\/jpeg\" \/>\n<meta name=\"author\" content=\"Test User\" \/>\n<meta name=\"twitter:card\" content=\"summary_large_image\" \/>\n<meta name=\"twitter:label1\" content=\"Escrito por\" \/>\n\t<meta name=\"twitter:data1\" content=\"Test User\" \/>\n\t<meta name=\"twitter:label2\" content=\"Tiempo de lectura\" \/>\n\t<meta name=\"twitter:data2\" content=\"2 minutos\" \/>\n<script type=\"application\/ld+json\" class=\"yoast-schema-graph\">{\"@context\":\"https:\\\/\\\/schema.org\",\"@graph\":[{\"@type\":\"Article\",\"@id\":\"https:\\\/\\\/www.stalam.com\\\/es\\\/stalam-en-colombiatex-de-las-americas-2025\\\/#article\",\"isPartOf\":{\"@id\":\"https:\\\/\\\/www.stalam.com\\\/es\\\/stalam-en-colombiatex-de-las-americas-2025\\\/\"},\"author\":{\"name\":\"Test User\",\"@id\":\"https:\\\/\\\/www.stalam.com\\\/#\\\/schema\\\/person\\\/c12b1b734e32ef2903896fdcacbdef0c\"},\"headline\":\"Stalam en Colombiatex de las Am\u00e9ricas 2025\",\"datePublished\":\"2024-12-09T15:28:45+00:00\",\"dateModified\":\"2024-12-09T16:01:07+00:00\",\"mainEntityOfPage\":{\"@id\":\"https:\\\/\\\/www.stalam.com\\\/es\\\/stalam-en-colombiatex-de-las-americas-2025\\\/\"},\"wordCount\":257,\"publisher\":{\"@id\":\"https:\\\/\\\/www.stalam.com\\\/#organization\"},\"image\":{\"@id\":\"https:\\\/\\\/www.stalam.com\\\/es\\\/stalam-en-colombiatex-de-las-americas-2025\\\/#primaryimage\"},\"thumbnailUrl\":\"https:\\\/\\\/www.stalam.com\\\/wp-content\\\/uploads\\\/2024\\\/12\\\/colombia_small.jpg\",\"articleSection\":[\"News\",\"Eventos y Ferias\"],\"inLanguage\":\"es\"},{\"@type\":\"WebPage\",\"@id\":\"https:\\\/\\\/www.stalam.com\\\/es\\\/stalam-en-colombiatex-de-las-americas-2025\\\/\",\"url\":\"https:\\\/\\\/www.stalam.com\\\/es\\\/stalam-en-colombiatex-de-las-americas-2025\\\/\",\"name\":\"Stalam en Colombiatex de las Am\u00e9ricas 2025 | Stalam\",\"isPartOf\":{\"@id\":\"https:\\\/\\\/www.stalam.com\\\/#website\"},\"primaryImageOfPage\":{\"@id\":\"https:\\\/\\\/www.stalam.com\\\/es\\\/stalam-en-colombiatex-de-las-americas-2025\\\/#primaryimage\"},\"image\":{\"@id\":\"https:\\\/\\\/www.stalam.com\\\/es\\\/stalam-en-colombiatex-de-las-americas-2025\\\/#primaryimage\"},\"thumbnailUrl\":\"https:\\\/\\\/www.stalam.com\\\/wp-content\\\/uploads\\\/2024\\\/12\\\/colombia_small.jpg\",\"datePublished\":\"2024-12-09T15:28:45+00:00\",\"dateModified\":\"2024-12-09T16:01:07+00:00\",\"description\":\"Stalam participar\u00e1 en la edici\u00f3n 2025 de Colombiatex de las Am\u00e9ricas, que se celebrar\u00e1 del 28 al 30 de enero de 2025 en Plaza Mayor, Medell\u00edn, Colombia. Este importante evento de la industria textil reunir\u00e1 a expositores internacionales y visitantes para presentar innovaciones y soluciones tecnol\u00f3gicas en el sector textil.\",\"breadcrumb\":{\"@id\":\"https:\\\/\\\/www.stalam.com\\\/es\\\/stalam-en-colombiatex-de-las-americas-2025\\\/#breadcrumb\"},\"inLanguage\":\"es\",\"potentialAction\":[{\"@type\":\"ReadAction\",\"target\":[\"https:\\\/\\\/www.stalam.com\\\/es\\\/stalam-en-colombiatex-de-las-americas-2025\\\/\"]}]},{\"@type\":\"ImageObject\",\"inLanguage\":\"es\",\"@id\":\"https:\\\/\\\/www.stalam.com\\\/es\\\/stalam-en-colombiatex-de-las-americas-2025\\\/#primaryimage\",\"url\":\"https:\\\/\\\/www.stalam.com\\\/wp-content\\\/uploads\\\/2024\\\/12\\\/colombia_small.jpg\",\"contentUrl\":\"https:\\\/\\\/www.stalam.com\\\/wp-content\\\/uploads\\\/2024\\\/12\\\/colombia_small.jpg\",\"width\":853,\"height\":533},{\"@type\":\"BreadcrumbList\",\"@id\":\"https:\\\/\\\/www.stalam.com\\\/es\\\/stalam-en-colombiatex-de-las-americas-2025\\\/#breadcrumb\",\"itemListElement\":[{\"@type\":\"ListItem\",\"position\":1,\"name\":\"Home\",\"item\":\"https:\\\/\\\/www.stalam.com\\\/es\\\/\"},{\"@type\":\"ListItem\",\"position\":2,\"name\":\"Stalam en Colombiatex de las Am\u00e9ricas 2025\"}]},{\"@type\":\"WebSite\",\"@id\":\"https:\\\/\\\/www.stalam.com\\\/#website\",\"url\":\"https:\\\/\\\/www.stalam.com\\\/\",\"name\":\"Stalam\",\"description\":\"\",\"publisher\":{\"@id\":\"https:\\\/\\\/www.stalam.com\\\/#organization\"},\"potentialAction\":[{\"@type\":\"SearchAction\",\"target\":{\"@type\":\"EntryPoint\",\"urlTemplate\":\"https:\\\/\\\/www.stalam.com\\\/?s={search_term_string}\"},\"query-input\":{\"@type\":\"PropertyValueSpecification\",\"valueRequired\":true,\"valueName\":\"search_term_string\"}}],\"inLanguage\":\"es\"},{\"@type\":\"Organization\",\"@id\":\"https:\\\/\\\/www.stalam.com\\\/#organization\",\"name\":\"Stalam\",\"url\":\"https:\\\/\\\/www.stalam.com\\\/\",\"logo\":{\"@type\":\"ImageObject\",\"inLanguage\":\"es\",\"@id\":\"https:\\\/\\\/www.stalam.com\\\/#\\\/schema\\\/logo\\\/image\\\/\",\"url\":\"https:\\\/\\\/www.stalam.com\\\/wp-content\\\/uploads\\\/2023\\\/06\\\/stalam-logo.png\",\"contentUrl\":\"https:\\\/\\\/www.stalam.com\\\/wp-content\\\/uploads\\\/2023\\\/06\\\/stalam-logo.png\",\"width\":634,\"height\":176,\"caption\":\"Stalam\"},\"image\":{\"@id\":\"https:\\\/\\\/www.stalam.com\\\/#\\\/schema\\\/logo\\\/image\\\/\"},\"sameAs\":[\"https:\\\/\\\/www.facebook.com\\\/Stalam-184036235760438\\\/\",\"https:\\\/\\\/www.linkedin.com\\\/company\\\/stalam\\\/\",\"https:\\\/\\\/www.youtube.com\\\/channel\\\/UCcl2pZ10KrADorPJccCu43Q\"]},{\"@type\":\"Person\",\"@id\":\"https:\\\/\\\/www.stalam.com\\\/#\\\/schema\\\/person\\\/c12b1b734e32ef2903896fdcacbdef0c\",\"name\":\"Test User\",\"image\":{\"@type\":\"ImageObject\",\"inLanguage\":\"es\",\"@id\":\"https:\\\/\\\/secure.gravatar.com\\\/avatar\\\/3bc839a2342876ff835881bbf84eecb491156313316bb89fcdd98880713496ab?s=96&d=mm&r=g\",\"url\":\"https:\\\/\\\/secure.gravatar.com\\\/avatar\\\/3bc839a2342876ff835881bbf84eecb491156313316bb89fcdd98880713496ab?s=96&d=mm&r=g\",\"contentUrl\":\"https:\\\/\\\/secure.gravatar.com\\\/avatar\\\/3bc839a2342876ff835881bbf84eecb491156313316bb89fcdd98880713496ab?s=96&d=mm&r=g\",\"caption\":\"Test User\"}}]}<\/script>\n<!-- \/ Yoast SEO Premium plugin. -->","yoast_head_json":{"title":"Stalam en Colombiatex de las Am\u00e9ricas 2025 | Stalam","description":"Stalam participar\u00e1 en la edici\u00f3n 2025 de Colombiatex de las Am\u00e9ricas, que se celebrar\u00e1 del 28 al 30 de enero de 2025 en Plaza Mayor, Medell\u00edn, Colombia. Este importante evento de la industria textil reunir\u00e1 a expositores internacionales y visitantes para presentar innovaciones y soluciones tecnol\u00f3gicas en el sector textil.","robots":{"index":"index","follow":"follow","max-snippet":"max-snippet:-1","max-image-preview":"max-image-preview:large","max-video-preview":"max-video-preview:-1"},"canonical":"https:\/\/www.stalam.com\/es\/stalam-en-colombiatex-de-las-americas-2025\/","og_locale":"es_ES","og_type":"article","og_title":"Stalam en Colombiatex de las Am\u00e9ricas 2025 | Stalam","og_description":"Stalam participar\u00e1 en la edici\u00f3n 2025 de Colombiatex de las Am\u00e9ricas, que se celebrar\u00e1 del 28 al 30 de enero de 2025 en Plaza Mayor, Medell\u00edn, Colombia. Este importante evento de la industria textil reunir\u00e1 a expositores internacionales y visitantes para presentar innovaciones y soluciones tecnol\u00f3gicas en el sector textil.","og_url":"https:\/\/www.stalam.com\/es\/stalam-en-colombiatex-de-las-americas-2025\/","og_site_name":"Stalam","article_publisher":"https:\/\/www.facebook.com\/Stalam-184036235760438\/","article_published_time":"2024-12-09T15:28:45+00:00","article_modified_time":"2024-12-09T16:01:07+00:00","og_image":[{"width":853,"height":533,"url":"https:\/\/www.stalam.com\/wp-content\/uploads\/2024\/12\/colombia_small.jpg","type":"image\/jpeg"}],"author":"Test User","twitter_card":"summary_large_image","twitter_misc":{"Escrito por":"Test User","Tiempo de lectura":"2 minutos"},"schema":{"@context":"https:\/\/schema.org","@graph":[{"@type":"Article","@id":"https:\/\/www.stalam.com\/es\/stalam-en-colombiatex-de-las-americas-2025\/#article","isPartOf":{"@id":"https:\/\/www.stalam.com\/es\/stalam-en-colombiatex-de-las-americas-2025\/"},"author":{"name":"Test User","@id":"https:\/\/www.stalam.com\/#\/schema\/person\/c12b1b734e32ef2903896fdcacbdef0c"},"headline":"Stalam en Colombiatex de las Am\u00e9ricas 2025","datePublished":"2024-12-09T15:28:45+00:00","dateModified":"2024-12-09T16:01:07+00:00","mainEntityOfPage":{"@id":"https:\/\/www.stalam.com\/es\/stalam-en-colombiatex-de-las-americas-2025\/"},"wordCount":257,"publisher":{"@id":"https:\/\/www.stalam.com\/#organization"},"image":{"@id":"https:\/\/www.stalam.com\/es\/stalam-en-colombiatex-de-las-americas-2025\/#primaryimage"},"thumbnailUrl":"https:\/\/www.stalam.com\/wp-content\/uploads\/2024\/12\/colombia_small.jpg","articleSection":["News","Eventos y Ferias"],"inLanguage":"es"},{"@type":"WebPage","@id":"https:\/\/www.stalam.com\/es\/stalam-en-colombiatex-de-las-americas-2025\/","url":"https:\/\/www.stalam.com\/es\/stalam-en-colombiatex-de-las-americas-2025\/","name":"Stalam en Colombiatex de las Am\u00e9ricas 2025 | Stalam","isPartOf":{"@id":"https:\/\/www.stalam.com\/#website"},"primaryImageOfPage":{"@id":"https:\/\/www.stalam.com\/es\/stalam-en-colombiatex-de-las-americas-2025\/#primaryimage"},"image":{"@id":"https:\/\/www.stalam.com\/es\/stalam-en-colombiatex-de-las-americas-2025\/#primaryimage"},"thumbnailUrl":"https:\/\/www.stalam.com\/wp-content\/uploads\/2024\/12\/colombia_small.jpg","datePublished":"2024-12-09T15:28:45+00:00","dateModified":"2024-12-09T16:01:07+00:00","description":"Stalam participar\u00e1 en la edici\u00f3n 2025 de Colombiatex de las Am\u00e9ricas, que se celebrar\u00e1 del 28 al 30 de enero de 2025 en Plaza Mayor, Medell\u00edn, Colombia. Este importante evento de la industria textil reunir\u00e1 a expositores internacionales y visitantes para presentar innovaciones y soluciones tecnol\u00f3gicas en el sector textil.","breadcrumb":{"@id":"https:\/\/www.stalam.com\/es\/stalam-en-colombiatex-de-las-americas-2025\/#breadcrumb"},"inLanguage":"es","potentialAction":[{"@type":"ReadAction","target":["https:\/\/www.stalam.com\/es\/stalam-en-colombiatex-de-las-americas-2025\/"]}]},{"@type":"ImageObject","inLanguage":"es","@id":"https:\/\/www.stalam.com\/es\/stalam-en-colombiatex-de-las-americas-2025\/#primaryimage","url":"https:\/\/www.stalam.com\/wp-content\/uploads\/2024\/12\/colombia_small.jpg","contentUrl":"https:\/\/www.stalam.com\/wp-content\/uploads\/2024\/12\/colombia_small.jpg","width":853,"height":533},{"@type":"BreadcrumbList","@id":"https:\/\/www.stalam.com\/es\/stalam-en-colombiatex-de-las-americas-2025\/#breadcrumb","itemListElement":[{"@type":"ListItem","position":1,"name":"Home","item":"https:\/\/www.stalam.com\/es\/"},{"@type":"ListItem","position":2,"name":"Stalam en Colombiatex de las Am\u00e9ricas 2025"}]},{"@type":"WebSite","@id":"https:\/\/www.stalam.com\/#website","url":"https:\/\/www.stalam.com\/","name":"Stalam","description":"","publisher":{"@id":"https:\/\/www.stalam.com\/#organization"},"potentialAction":[{"@type":"SearchAction","target":{"@type":"EntryPoint","urlTemplate":"https:\/\/www.stalam.com\/?s={search_term_string}"},"query-input":{"@type":"PropertyValueSpecification","valueRequired":true,"valueName":"search_term_string"}}],"inLanguage":"es"},{"@type":"Organization","@id":"https:\/\/www.stalam.com\/#organization","name":"Stalam","url":"https:\/\/www.stalam.com\/","logo":{"@type":"ImageObject","inLanguage":"es","@id":"https:\/\/www.stalam.com\/#\/schema\/logo\/image\/","url":"https:\/\/www.stalam.com\/wp-content\/uploads\/2023\/06\/stalam-logo.png","contentUrl":"https:\/\/www.stalam.com\/wp-content\/uploads\/2023\/06\/stalam-logo.png","width":634,"height":176,"caption":"Stalam"},"image":{"@id":"https:\/\/www.stalam.com\/#\/schema\/logo\/image\/"},"sameAs":["https:\/\/www.facebook.com\/Stalam-184036235760438\/","https:\/\/www.linkedin.com\/company\/stalam\/","https:\/\/www.youtube.com\/channel\/UCcl2pZ10KrADorPJccCu43Q"]},{"@type":"Person","@id":"https:\/\/www.stalam.com\/#\/schema\/person\/c12b1b734e32ef2903896fdcacbdef0c","name":"Test User","image":{"@type":"ImageObject","inLanguage":"es","@id":"https:\/\/secure.gravatar.com\/avatar\/3bc839a2342876ff835881bbf84eecb491156313316bb89fcdd98880713496ab?s=96&d=mm&r=g","url":"https:\/\/secure.gravatar.com\/avatar\/3bc839a2342876ff835881bbf84eecb491156313316bb89fcdd98880713496ab?s=96&d=mm&r=g","contentUrl":"https:\/\/secure.gravatar.com\/avatar\/3bc839a2342876ff835881bbf84eecb491156313316bb89fcdd98880713496ab?s=96&d=mm&r=g","caption":"Test User"}}]}},"_links":{"self":[{"href":"https:\/\/www.stalam.com\/es\/wp-json\/wp\/v2\/posts\/13793","targetHints":{"allow":["GET"]}}],"collection":[{"href":"https:\/\/www.stalam.com\/es\/wp-json\/wp\/v2\/posts"}],"about":[{"href":"https:\/\/www.stalam.com\/es\/wp-json\/wp\/v2\/types\/post"}],"author":[{"embeddable":true,"href":"https:\/\/www.stalam.com\/es\/wp-json\/wp\/v2\/users\/2"}],"replies":[{"embeddable":true,"href":"https:\/\/www.stalam.com\/es\/wp-json\/wp\/v2\/comments?post=13793"}],"version-history":[{"count":4,"href":"https:\/\/www.stalam.com\/es\/wp-json\/wp\/v2\/posts\/13793\/revisions"}],"predecessor-version":[{"id":13797,"href":"https:\/\/www.stalam.com\/es\/wp-json\/wp\/v2\/posts\/13793\/revisions\/13797"}],"wp:featuredmedia":[{"embeddable":true,"href":"https:\/\/www.stalam.com\/es\/wp-json\/wp\/v2\/media\/13782"}],"wp:attachment":[{"href":"https:\/\/www.stalam.com\/es\/wp-json\/wp\/v2\/media?parent=13793"}],"wp:term":[{"taxonomy":"category","embeddable":true,"href":"https:\/\/www.stalam.com\/es\/wp-json\/wp\/v2\/categories?post=13793"},{"taxonomy":"post_tag","embeddable":true,"href":"https:\/\/www.stalam.com\/es\/wp-json\/wp\/v2\/tags?post=13793"}],"curies":[{"name":"wp","href":"https:\/\/api.w.org\/{rel}","templated":true}]}}